{"id":4875,"date":"2021-11-25T12:19:34","date_gmt":"2021-11-25T12:19:34","guid":{"rendered":"https:\/\/www.par-vie.com\/?p=4875"},"modified":"2021-11-30T06:59:34","modified_gmt":"2021-11-30T06:59:34","slug":"keramikwihann","status":"publish","type":"post","link":"https:\/\/www.par-vie.com\/fr\/keramikwihann\/","title":{"rendered":"POTERIE - pi\u00e8ces uniques"},"content":{"rendered":"<div  class=\"tatsu-r1ZzTHlTdF tatsu-section  tatsu-bg-overlay   tatsu-clearfix\" data-title=\"\"  data-headerscheme=\"background--dark\"><div class='tatsu-section-pad clearfix' data-padding='{\"d\":\"90px 0px 0px 0px\"}' data-padding-top='90px'><div class=\"tatsu-row-wrap  tatsu-wrap tatsu-row-one-col tatsu-row-has-one-cols tatsu-medium-gutter tatsu-reg-cols  tatsu-clearfix tatsu-BkeMaBepuK\" ><div  class=\"tatsu-row\" ><div  class=\"tatsu-column  tatsu-bg-overlay tatsu-one-col tatsu-column-image-none tatsu-column-effect-none  tatsu-rkMaSepdt\"  data-parallax-speed=\"0\" style=\"\"><div class=\"tatsu-column-inner\" ><div class=\"tatsu-column-pad-wrap\"><div class=\"tatsu-column-pad\" ><div  class=\"tatsu-module tatsu-inline-text clearfix tatsu-Hk56rladF\" ><style>.tatsu-Hk56rladF .tatsu-inline-text-inner{width: 100%;text-align: left;}@media only screen and (max-width: 767px) {.tatsu-Hk56rladF .tatsu-inline-text-inner{width: 100%;}}<\/style><div class=\"tatsu-inline-text-inner tatsu-align-center\">\n<p style=\"text-align: justify;\">La c\u00e9ramiste Barbara Wihann est la premi\u00e8re actrice de ma s\u00e9rie \u00ab PARVIE.s\u00e9lection\u00a0\u00bb. Elle a fait de sa passion pour l'argile son m\u00e9tier. Toujours \u00e0 la recherche de nouvelles fa\u00e7ons de cr\u00e9er des objets uniques. Son petit atelier avec boutique \u00ab die kunsterei \u00bb, au c\u0153ur du 7\u00e8me arrondissement de Vienne, existe depuis plus de 10 ans.&nbsp;<\/p>\n<\/div><\/div><div  class=\"tatsu-single-image tatsu-module tatsu-image-lazyload tatsu-SJlRSlTdK\" ><div class=\"tatsu-single-image-inner\" style=\"width : 5304px;\" ><div class = \"tatsu-single-image-padding-wrap\" style = \"padding-bottom : 149.9245852187%;\" ><\/div><img class = \"tatsu-gradient-border\" alt = \"Barbara Wihann, Keramikerin in ihrem Atelier.\" title = \"Barbara Wihann Keramik\" data-src = \"https:\/\/www.par-vie.com\/wp-content\/uploads\/2021\/11\/Andrej-Grilc-01560.jpg\" src =\"data:image\/png;base64,iVBORw0KGgoAAAANSUhEUgAAAAEAAAABCAQAAAC1HAwCAAAAC0lEQVR42mNkYAAAAAYAAjCB0C8AAAAASUVORK5CYII=\"  \/><\/div><style>.tatsu-SJlRSlTdK .tatsu-single-image-inner{border-style: solid;max-width: 100%;}.tatsu-SJlRSlTdK.tatsu-single-image{transform: translate3d(0px,0px, 0);}<\/style><\/div><div  class=\"tatsu-module tatsu-inline-text clearfix tatsu-S1UOUg6Ot\" ><style>.tatsu-S1UOUg6Ot .tatsu-inline-text-inner{width: 100%;text-align: left;}@media only screen and (max-width: 767px) {.tatsu-S1UOUg6Ot .tatsu-inline-text-inner{width: 100%;}}<\/style><div class=\"tatsu-inline-text-inner tatsu-align-center\">\n<h6>PHOTO: \"Chaque r\u00e9cipient en c\u00e9ramique fait \u00e0 la main - dit-on - a une personnalit\u00e9\" - et c\u2019est exactement ce que l\u2019on ressent quand on contemple les belles pi\u00e8ces minimalistes de Barbara Wihann.<span class=\"Apple-converted-space\" style=\"color: #000000; font-family: Arial; font-size: 12px; font-weight: 400; letter-spacing: 0px; text-transform: none;\">&nbsp;<\/span><\/h6>\n<\/div><\/div><div  class=\"tatsu-module tatsu-inline-text clearfix tatsu-HktRBgpOY\" ><style>.tatsu-HktRBgpOY .tatsu-inline-text-inner{width: 100%;text-align: left;}@media only screen and (max-width: 767px) {.tatsu-HktRBgpOY .tatsu-inline-text-inner{width: 100%;}}<\/style><div class=\"tatsu-inline-text-inner tatsu-align-center\">\n<p style=\"text-align: justify;\"><strong>Ch\u00e8re Barbara, que trouve-t-on chez toi?<\/strong><\/p>\n<p style=\"text-align: justify;\">Je fabrique avec beaucoup d'amour et d'exp\u00e9rience, principalement des r\u00e9cipients qui peuvent \u00eatre int\u00e9gr\u00e9s \u00e0 notre vie quotidienne, tels que des bols, des tasses et des assiettes. Chaque pi\u00e8ce - tourn\u00e9e \u00e0 la main au tour de potier - est une pi\u00e8ce unique. Alors si vous cherchez un cadeau tr\u00e8s personnel, ou quelque chose pour vous, vous \u00eates ici au bon endroit.<\/p>\n<p style=\"text-align: justify;\"><strong>Du style qui a du sens. Qu'est-ce que tu appr\u00e9cies particuli\u00e8rement ?&nbsp;<\/strong><\/p>\n<p style=\"text-align: justify;\">Mes c\u00e9ramiques sont destin\u00e9es \u00e0 un v\u00e9ritable usage quotidien. Il est particuli\u00e8rement important pour moi qu'ellessoient r\u00e9ellement utilis\u00e9es apr\u00e8s l'achat et qu\u2019elles ne \u00ab\u00a0finissent\u00a0\u00bb pas seulement comme un simple objet. C\u2019est une des raisons pour lesquelles ma poterie est \u00e9galement lavable au lave-vaisselle.&nbsp;<\/p>\n<p style=\"text-align: justify;\"><strong>Comment t\u2019es venue l'id\u00e9e de faire ce que tu fais ?<\/strong><\/p>\n<p style=\"text-align: justify;\">J\u2019ai initialement fait des \u00e9tudes de chimie technique, mais j'ai ensuite fait de mon amour pour la c\u00e9ramique mon travail. Ce qui \u00e9tait au d\u00e9part une activit\u00e9 de loisir tr\u00e8s intense est finalement devenu le coeur de ma vie professionnelle.<\/p>\n<p style=\"text-align: justify;\"><strong>Un bonne id\u00e9e pour un cadeau de No\u00ebl parfait ?<\/strong><\/p>\n<p style=\"text-align: justify;\">Des tasses \u00e0 caf\u00e9 ou \u00e0 th\u00e9, disponibles en diff\u00e9rentes tailles et couleurs. Un cadeau classique avec lequel vous ne pouvez pas vraiment vous tromper.<\/p>\n<p style=\"text-align: justify;\">&nbsp;<\/p>\n<p style=\"text-align: justify;\">Plus d'informations ainsi que la boutique en ligne sur son site: <span class=\"tatsu-inline-link-style3\"><a href=\"https:\/\/www.kunstwerkerei.at\/\" target=\"_self\" rel=\"noopener\">www.kunstwerkerei.at<\/a><\/span><\/p>\n<\/div><\/div><div  class=\"tatsu-single-image tatsu-module tatsu-image-lazyload tatsu-HJRqnepuK\" ><div class=\"tatsu-single-image-inner\" style=\"width : 2000px;\" ><div class = \"tatsu-single-image-padding-wrap\" style = \"padding-bottom : 66.65%;\" ><\/div><img class = \"tatsu-gradient-border\" alt = \"\" title = \"Keramik Wihann_8 Copyright_Anna Rendl\" data-src = \"https:\/\/www.par-vie.com\/wp-content\/uploads\/2021\/11\/Keramik-Wihann_8-Copyright_Anna-Rendl.jpg\" src =\"data:image\/png;base64,iVBORw0KGgoAAAANSUhEUgAAAAEAAAABCAQAAAC1HAwCAAAAC0lEQVR42mNkYAAAAAYAAjCB0C8AAAAASUVORK5CYII=\"  \/><\/div><style>.tatsu-HJRqnepuK .tatsu-single-image-inner{border-style: solid;max-width: 100%;}.tatsu-HJRqnepuK.tatsu-single-image{transform: translate3d(0px,0px, 0);}<\/style><\/div><div  class=\"tatsu-module tatsu-inline-text clearfix tatsu-H1V0lBRdY\" ><style>.tatsu-H1V0lBRdY .tatsu-inline-text-inner{width: 100%;text-align: left;}@media only screen and (max-width: 767px) {.tatsu-H1V0lBRdY .tatsu-inline-text-inner{width: 100%;}}<\/style><div class=\"tatsu-inline-text-inner tatsu-align-center\">\n<h6>Photos:\u00a0 (C) Anna Rendl &amp;\u00a0(C) Andrej Grilc&nbsp;<\/h6>\n<\/div><\/div><div  class=\"tatsu-single-image tatsu-module tatsu-image-lazyload tatsu-external-image tatsu-HkBaOl6dK\" ><div class=\"tatsu-single-image-inner\" style=\"\" ><div class = \"tatsu-single-image-padding-wrap\" style = \"\" ><\/div><img class = \"tatsu-gradient-border\" data-src = \"\" alt =\" \"  src =\"data:image\/png;base64,iVBORw0KGgoAAAANSUhEUgAAAAEAAAABCAQAAAC1HAwCAAAAC0lEQVR42mNkYAAAAAYAAjCB0C8AAAAASUVORK5CYII=\"  \/><\/div><style>.tatsu-HkBaOl6dK .tatsu-single-image-inner{border-style: solid;max-width: 100%;}.tatsu-HkBaOl6dK.tatsu-single-image{transform: translate3d(0px,0px, 0);}<\/style><\/div><\/div><\/div><div class = \"tatsu-column-bg-image-wrap\"><div class = \"tatsu-column-bg-image\" ><\/div><\/div><div class=\"tatsu-overlay tatsu-column-overlay tatsu-animate-none\" ><\/div><\/div><style>.tatsu-row > .tatsu-rkMaSepdt.tatsu-column{width: 100%;}.tatsu-rkMaSepdt.tatsu-column > .tatsu-column-inner > .tatsu-column-overlay{mix-blend-mode: normal;}.tatsu-rkMaSepdt > .tatsu-column-inner > .tatsu-top-divider{z-index: 9999;}.tatsu-rkMaSepdt > .tatsu-column-inner > .tatsu-bottom-divider{z-index: 9999;}.tatsu-rkMaSepdt > .tatsu-column-inner > .tatsu-left-divider{z-index: 9999;}.tatsu-rkMaSepdt > .tatsu-column-inner > .tatsu-right-divider{z-index: 9999;}@media only screen and (max-width:1377px) {.tatsu-row > .tatsu-rkMaSepdt.tatsu-column{width: 100%;}}@media only screen and (min-width:768px) and (max-width: 1024px) {.tatsu-row > .tatsu-rkMaSepdt.tatsu-column{width: 100%;}}@media only screen and (max-width: 767px) {.tatsu-row > .tatsu-rkMaSepdt.tatsu-column{width: 100%;}}<\/style><\/div><\/div><\/div><\/div><div class=\"tatsu-section-background-wrap\"><div class = \"tatsu-section-background\" ><\/div><\/div><div class=\"tatsu-overlay tatsu-section-overlay\"><\/div><style>.tatsu-r1ZzTHlTdF .tatsu-section-pad{padding: 90px 0px 0px 0px;}.tatsu-r1ZzTHlTdF .tatsu-section-offset-wrap{transform: translateY(-0px);}.tatsu-r1ZzTHlTdF > .tatsu-bottom-divider{z-index: 9999;}.tatsu-r1ZzTHlTdF > .tatsu-top-divider{z-index: 9999;}.tatsu-r1ZzTHlTdF .tatsu-section-overlay{mix-blend-mode: normal;}<\/style><\/div>","protected":false},"excerpt":{"rendered":"<p>La c\u00e9ramiste Barbara Wihann est la premi\u00e8re actrice de ma s\u00e9rie \u00ab PARVIE.s\u00e9lection\u00a0\u00bb. Elle a fait de sa passion pour l'argile son m\u00e9tier. Toujours \u00e0 la recherche de nouvelles fa\u00e7ons de cr\u00e9er des objets uniques. Son petit atelier avec boutique \u00ab die kunsterei \u00bb, au c\u0153ur du 7\u00e8me arrondissement de Vienne, existe depuis plus de 10 ans. <\/p>\n<p><a href=\"https:\/\/www.par-vie.com\/fr\/keramikwihann\/\" class=\"more-link style3-button\">Read More<\/a><\/p>","protected":false},"author":2,"featured_media":4878,"comment_status":"open","ping_status":"open","sticky":false,"template":"","format":"standard","meta":{"footnotes":""},"categories":[69,117,62],"tags":[78,77,75],"class_list":["post-4875","post","type-post","status-publish","format-standard","has-post-thumbnail","hentry","category-founder","category-parvie-selection","category-wien","tag-christmas","tag-giftideas","tag-meet-the-founder"],"_links":{"self":[{"href":"https:\/\/www.par-vie.com\/fr\/wp-json\/wp\/v2\/posts\/4875","targetHints":{"allow":["GET"]}}],"collection":[{"href":"https:\/\/www.par-vie.com\/fr\/wp-json\/wp\/v2\/posts"}],"about":[{"href":"https:\/\/www.par-vie.com\/fr\/wp-json\/wp\/v2\/types\/post"}],"author":[{"embeddable":true,"href":"https:\/\/www.par-vie.com\/fr\/wp-json\/wp\/v2\/users\/2"}],"replies":[{"embeddable":true,"href":"https:\/\/www.par-vie.com\/fr\/wp-json\/wp\/v2\/comments?post=4875"}],"version-history":[{"count":24,"href":"https:\/\/www.par-vie.com\/fr\/wp-json\/wp\/v2\/posts\/4875\/revisions"}],"predecessor-version":[{"id":4951,"href":"https:\/\/www.par-vie.com\/fr\/wp-json\/wp\/v2\/posts\/4875\/revisions\/4951"}],"wp:featuredmedia":[{"embeddable":true,"href":"https:\/\/www.par-vie.com\/fr\/wp-json\/wp\/v2\/media\/4878"}],"wp:attachment":[{"href":"https:\/\/www.par-vie.com\/fr\/wp-json\/wp\/v2\/media?parent=4875"}],"wp:term":[{"taxonomy":"category","embeddable":true,"href":"https:\/\/www.par-vie.com\/fr\/wp-json\/wp\/v2\/categories?post=4875"},{"taxonomy":"post_tag","embeddable":true,"href":"https:\/\/www.par-vie.com\/fr\/wp-json\/wp\/v2\/tags?post=4875"}],"curies":[{"name":"wp","href":"https:\/\/api.w.org\/{rel}","templated":true}]}}